{"id":31403,"date":"2022-05-11T15:02:16","date_gmt":"2022-05-11T14:02:16","guid":{"rendered":"https:\/\/vsa-aas.ch\/non-classifiee\/cultura\/"},"modified":"2022-06-23T13:10:11","modified_gmt":"2022-06-23T12:10:11","slug":"cultura","status":"publish","type":"post","link":"https:\/\/vsa-aas.ch\/fr\/association\/cooperation\/cultura\/","title":{"rendered":"CULTURA"},"content":{"rendered":"\n<p><a href=\"https:\/\/www.cultura.ch\/\" target=\"_blank\" rel=\"noopener\">\u00ab CULTURA \u00bb<\/a> est l\u2019association fa\u00eeti\u00e8re des organisations repr\u00e9sentant les int\u00e9r\u00eats des institutions culturelles suisses. CULTURA souhaite donner une voix commune aux th\u00e9\u00e2tres professionnels, orchestres et organisateurs de concerts, aux mus\u00e9es, biblioth\u00e8ques, librairies, \u00e9ditions et hautes \u00e9coles d\u2019art, au niveau national et tous domaines confondus, mais aussi d\u00e9fendre leurs int\u00e9r\u00eats en mati\u00e8re de politique culturelle ainsi que sur le plan juridique et \u00e9conomique.<\/p>\n\n\n\n<p><a href=\"http:\/\/www.cultura.ch\" target=\"_blank\" rel=\"noopener\">www.cultura.ch <\/a><\/p>\n","protected":false},"excerpt":{"rendered":"<p>\u00ab CULTURA \u00bb est l\u2019association fa\u00eeti\u00e8re des organisations repr\u00e9sentant les int\u00e9r\u00eats des institutions culturelles suisses. CULTURA souhaite donner une voix commune aux th\u00e9\u00e2tres professionnels, orchestres et organisateurs de concerts, aux&hellip;&nbsp;<a href=\"https:\/\/vsa-aas.ch\/fr\/association\/cooperation\/cultura\/\" rel=\"bookmark\">Read More &raquo;<span class=\"screen-reader-text\">CULTURA<\/span><\/a><\/p>\n","protected":false},"author":5,"featured_media":26511,"comment_status":"closed","ping_status":"closed","sticky":false,"template":"","format":"standard","meta":{"neve_meta_sidebar":"","neve_meta_container":"","neve_meta_enable_content_width":"","neve_meta_content_width":0,"neve_meta_title_alignment":"","neve_meta_author_avatar":"","neve_post_elements_order":"","neve_meta_disable_header":"","neve_meta_disable_footer":"","neve_meta_disable_title":"","neve_meta_reading_time":"","_price":"","_stock":"","_tribe_ticket_header":"","_tribe_default_ticket_provider":"","_tribe_ticket_capacity":"0","_ticket_start_date":"","_ticket_end_date":"","_tribe_ticket_show_description":"","_tribe_ticket_show_not_going":false,"_tribe_ticket_use_global_stock":"","_tribe_ticket_global_stock_level":"","_global_stock_mode":"","_global_stock_cap":"","_tribe_rsvp_for_event":"","_tribe_ticket_going_count":"","_tribe_ticket_not_going_count":"","_tribe_tickets_list":"[]","_tribe_ticket_has_attendee_info_fields":false,"footnotes":"","_tec_slr_enabled":"","_tec_slr_layout":""},"categories":[277],"tags":[],"post_folder":[178],"class_list":["post-31403","post","type-post","status-publish","format-standard","has-post-thumbnail","hentry","category-cooperation"],"ticketed":false,"_links":{"self":[{"href":"https:\/\/vsa-aas.ch\/fr\/wp-json\/wp\/v2\/posts\/31403","targetHints":{"allow":["GET"]}}],"collection":[{"href":"https:\/\/vsa-aas.ch\/fr\/wp-json\/wp\/v2\/posts"}],"about":[{"href":"https:\/\/vsa-aas.ch\/fr\/wp-json\/wp\/v2\/types\/post"}],"author":[{"embeddable":true,"href":"https:\/\/vsa-aas.ch\/fr\/wp-json\/wp\/v2\/users\/5"}],"replies":[{"embeddable":true,"href":"https:\/\/vsa-aas.ch\/fr\/wp-json\/wp\/v2\/comments?post=31403"}],"version-history":[{"count":4,"href":"https:\/\/vsa-aas.ch\/fr\/wp-json\/wp\/v2\/posts\/31403\/revisions"}],"predecessor-version":[{"id":32738,"href":"https:\/\/vsa-aas.ch\/fr\/wp-json\/wp\/v2\/posts\/31403\/revisions\/32738"}],"wp:featuredmedia":[{"embeddable":true,"href":"https:\/\/vsa-aas.ch\/fr\/wp-json\/wp\/v2\/media\/26511"}],"wp:attachment":[{"href":"https:\/\/vsa-aas.ch\/fr\/wp-json\/wp\/v2\/media?parent=31403"}],"wp:term":[{"taxonomy":"category","embeddable":true,"href":"https:\/\/vsa-aas.ch\/fr\/wp-json\/wp\/v2\/categories?post=31403"},{"taxonomy":"post_tag","embeddable":true,"href":"https:\/\/vsa-aas.ch\/fr\/wp-json\/wp\/v2\/tags?post=31403"},{"taxonomy":"post_folder","embeddable":true,"href":"https:\/\/vsa-aas.ch\/fr\/wp-json\/wp\/v2\/post_folder?post=31403"}],"curies":[{"name":"wp","href":"https:\/\/api.w.org\/{rel}","templated":true}]}}