{"id":31419,"date":"2022-05-11T15:01:00","date_gmt":"2022-05-11T13:01:00","guid":{"rendered":"https:\/\/vsa-aas.ch\/non-classifiee\/archives-et-droits-humains\/"},"modified":"2023-11-01T09:46:59","modified_gmt":"2023-11-01T08:46:59","slug":"archives-et-droits-humains","status":"publish","type":"post","link":"https:\/\/vsa-aas.ch\/fr\/association\/cooperation\/archives-et-droits-humains\/","title":{"rendered":"Archives et droits humains"},"content":{"rendered":"\n<p>La <a href=\"https:\/\/www.ica.org\/fr\/groupes-dexperts\/section-sur-les-archives-et-les-droits-de-l-homme-sahr\" target=\"_blank\" rel=\"noopener\">Section sur les Archives et les Droits de l\u2019Homme \u2013 SAHR<\/a> du CIA s\u2019engage avec l\u2019UNESCO pour la protection des archives qui documentent des violations des droits humains. Elle diffuse des informations sur l\u2019importance des archives pour les droits humains et soutient des projets d\u00e9di\u00e9s \u00e0 cette th\u00e9matique. <\/p>\n\n\n\n<p>L\u2019Initiative <a href=\"https:\/\/www.safehavensforarchives.org\/\" target=\"_blank\" rel=\"noopener\">Refuges pour les Archives en P\u00e9ril<\/a> publie des <em><a href=\"https:\/\/www.safehavensforarchives.org\/en\/guiding-principles\/\" target=\"_blank\" rel=\"noopener\">Principes directeurs<\/a><\/em> \u00e9labor\u00e9 en \u00e9troite collaboration avec les Archives f\u00e9d\u00e9rales suisses. Ces principes concernent l\u2019h\u00e9bergement en lieu s\u00fbr des archives en p\u00e9ril dans un autre pays. Les Archives f\u00e9d\u00e9rales conservent par exemple des archives des \u00celes Marshall menac\u00e9es par le changement climatique.<\/p>\n\n\n\n<p>Assembl\u00e9e g\u00e9n\u00e9rale de l&rsquo;AAS du 14 septembre 2023 <a href=\"https:\/\/vsa-aas.ch\/wp-content\/uploads\/2023\/11\/VSA_Annual-Conference_14092023.pdf\">pr\u00e9sentation<\/a> et <a href=\"https:\/\/vsa-aas.ch\/wp-content\/uploads\/2023\/11\/2020_10_28_Swiss-Archives-as-Safe-Havens-for-Archives-at-Risk.pdf\">rapport<\/a>.<\/p>\n","protected":false},"excerpt":{"rendered":"<p>La Section sur les Archives et les Droits de l\u2019Homme \u2013 SAHR du CIA s\u2019engage avec l\u2019UNESCO pour la protection des archives qui documentent des violations des droits humains. Elle&hellip;&nbsp;<a href=\"https:\/\/vsa-aas.ch\/fr\/association\/cooperation\/archives-et-droits-humains\/\" rel=\"bookmark\">Read More &raquo;<span class=\"screen-reader-text\">Archives et droits humains<\/span><\/a><\/p>\n","protected":false},"author":5,"featured_media":26511,"comment_status":"closed","ping_status":"closed","sticky":false,"template":"","format":"standard","meta":{"neve_meta_sidebar":"","neve_meta_container":"","neve_meta_enable_content_width":"","neve_meta_content_width":0,"neve_meta_title_alignment":"","neve_meta_author_avatar":"","neve_post_elements_order":"","neve_meta_disable_header":"","neve_meta_disable_footer":"","neve_meta_disable_title":"","neve_meta_reading_time":"","_price":"","_stock":"","_tribe_ticket_header":"","_tribe_default_ticket_provider":"","_tribe_ticket_capacity":"0","_ticket_start_date":"","_ticket_end_date":"","_tribe_ticket_show_description":"","_tribe_ticket_show_not_going":false,"_tribe_ticket_use_global_stock":"","_tribe_ticket_global_stock_level":"","_global_stock_mode":"","_global_stock_cap":"","_tribe_rsvp_for_event":"","_tribe_ticket_going_count":"","_tribe_ticket_not_going_count":"","_tribe_tickets_list":"[]","_tribe_ticket_has_attendee_info_fields":false,"footnotes":"","_tec_slr_enabled":"","_tec_slr_layout":""},"categories":[277],"tags":[],"post_folder":[178],"class_list":["post-31419","post","type-post","status-publish","format-standard","has-post-thumbnail","hentry","category-cooperation"],"ticketed":false,"_links":{"self":[{"href":"https:\/\/vsa-aas.ch\/fr\/wp-json\/wp\/v2\/posts\/31419","targetHints":{"allow":["GET"]}}],"collection":[{"href":"https:\/\/vsa-aas.ch\/fr\/wp-json\/wp\/v2\/posts"}],"about":[{"href":"https:\/\/vsa-aas.ch\/fr\/wp-json\/wp\/v2\/types\/post"}],"author":[{"embeddable":true,"href":"https:\/\/vsa-aas.ch\/fr\/wp-json\/wp\/v2\/users\/5"}],"replies":[{"embeddable":true,"href":"https:\/\/vsa-aas.ch\/fr\/wp-json\/wp\/v2\/comments?post=31419"}],"version-history":[{"count":5,"href":"https:\/\/vsa-aas.ch\/fr\/wp-json\/wp\/v2\/posts\/31419\/revisions"}],"predecessor-version":[{"id":38618,"href":"https:\/\/vsa-aas.ch\/fr\/wp-json\/wp\/v2\/posts\/31419\/revisions\/38618"}],"wp:featuredmedia":[{"embeddable":true,"href":"https:\/\/vsa-aas.ch\/fr\/wp-json\/wp\/v2\/media\/26511"}],"wp:attachment":[{"href":"https:\/\/vsa-aas.ch\/fr\/wp-json\/wp\/v2\/media?parent=31419"}],"wp:term":[{"taxonomy":"category","embeddable":true,"href":"https:\/\/vsa-aas.ch\/fr\/wp-json\/wp\/v2\/categories?post=31419"},{"taxonomy":"post_tag","embeddable":true,"href":"https:\/\/vsa-aas.ch\/fr\/wp-json\/wp\/v2\/tags?post=31419"},{"taxonomy":"post_folder","embeddable":true,"href":"https:\/\/vsa-aas.ch\/fr\/wp-json\/wp\/v2\/post_folder?post=31419"}],"curies":[{"name":"wp","href":"https:\/\/api.w.org\/{rel}","templated":true}]}}