{"id":34542,"date":"2022-11-25T09:56:00","date_gmt":"2022-11-25T08:56:00","guid":{"rendered":"https:\/\/vsa-aas.ch\/non-classifiee\/les-archives-du-futur-intelligence-artificielle-archivage-by-design-et-valeurs-ethiques\/"},"modified":"2024-09-19T16:27:03","modified_gmt":"2024-09-19T14:27:03","slug":"les-archives-du-futur-intelligence-artificielle-archivage-by-design-et-valeurs-ethiques","status":"publish","type":"post","link":"https:\/\/vsa-aas.ch\/fr\/colloque\/les-archives-du-futur-intelligence-artificielle-archivage-by-design-et-valeurs-ethiques\/","title":{"rendered":"\u00abLes archives du futur. Intelligence artificielle, archivage by design et valeurs \u00e9thiques\u00bb"},"content":{"rendered":"<p>Les pr\u00e9sentations de notre colloque 2022 peuvent \u00eatre consult\u00e9es ici.<\/p>\n<ul>\n<li><a href=\"https:\/\/vsa-aas.ch\/wp-content\/uploads\/2022\/11\/01-Corinne-Rogers-Archivists-and-AI-what-are-the-expectations-2022-09-16.pdf\"><a href=\"https:\/\/vsa-aas.ch\/wp-content\/uploads\/2022\/11\/01-Corinne-Rogers-Archivists-and-AI-what-are-the-expectations-2022-09-16.pdf\">Corinne Rogers \u2013 Archivists and AI what are the expectations<\/a><br \/><\/a><\/li>\n<li><a href=\"https:\/\/vsa-aas.ch\/wp-content\/uploads\/2022\/11\/02-Jenny-Bunn-AI-for-Appraisal-and-Selection-2022-09-16.pdf\"><a href=\"https:\/\/vsa-aas.ch\/wp-content\/uploads\/2022\/11\/02-Jenny-Bunn-AI-for-Appraisal-and-Selection-2022-09-16.pdf\">Jenny Bunn \u2013 AI for Appraisal and Selection<\/a><\/a><\/li>\n<li><a href=\"https:\/\/vsa-aas.ch\/wp-content\/uploads\/2022\/11\/03-Hrvoje-Stancic-AI-and-long-term-preservation-2022-09-16.pdf\">Hrvoje Stancic -AI and long-term preservation<\/a><\/li>\n<li><a href=\"https:\/\/vsa-aas.ch\/wp-content\/uploads\/2022\/11\/04-Vincent-Hoolt-Archiving-by-Design-in-den-Niederlanden-2022-09-16Compatibility-Mode.pdf\"><a href=\"https:\/\/vsa-aas.ch\/wp-content\/uploads\/2022\/11\/04-Vincent-Hoolt-Archiving-by-Design-in-den-Niederlanden-2022-09-16Compatibility-Mode.pdf\">Vincent Hoolt \u2013 Archiving by Design in den Niederlanden<\/a><\/a><\/li>\n<li><a href=\"https:\/\/vsa-aas.ch\/wp-content\/uploads\/2022\/11\/05-Stauffiger-Spiess-Archipanion-Your-AI-based-companion-2022-09-16.pdf\"><a href=\"https:\/\/vsa-aas.ch\/wp-content\/uploads\/2022\/11\/05-Stauffiger-Spiess-Archipanion-Your-AI-based-companion-2022-09-16.pdf\">Stauffiger Spiess \u2013 Archipanion Your AI based companion<\/a><\/a><\/li>\n<li><a href=\"https:\/\/vsa-aas.ch\/wp-content\/uploads\/2022\/11\/06-Couture-Les-valeurs-professionnelles-de-larchiviste-2022-09-16.pdf\"><a href=\"https:\/\/vsa-aas.ch\/wp-content\/uploads\/2022\/11\/06-Couture-Les-valeurs-professionnelles-de-larchiviste-2022-09-16.pdf\">Couture \u2013 Les valeurs professionnelles de l\u2019archiviste<\/a><\/a><\/li>\n<\/ul>\n<p><a href=\"https:\/\/arbido.ch\/fr\/edition-article\/2023\/archives-du-futur\" target=\"_blank\" rel=\"noreferrer noopener\"><a href=\"https:\/\/arbido.ch\/fr\/edition-article\/2023\/archives-du-futur\" target=\"_blank\" rel=\"noopener\">arbido num\u00e9ro 2023\/1 \u2013 Les archives du futur<\/a><\/a><\/p>\n\n<p><\/p>\n","protected":false},"excerpt":{"rendered":"<p>Les pr\u00e9sentations de notre colloque 2022 peuvent \u00eatre consult\u00e9es ici. Corinne Rogers \u2013 Archivists and AI what are the expectations Jenny Bunn \u2013 AI for Appraisal and Selection Hrvoje Stancic&hellip;&nbsp;<a href=\"https:\/\/vsa-aas.ch\/fr\/colloque\/les-archives-du-futur-intelligence-artificielle-archivage-by-design-et-valeurs-ethiques\/\" rel=\"bookmark\">Read More &raquo;<span class=\"screen-reader-text\">\u00abLes archives du futur. Intelligence artificielle, archivage by design et valeurs \u00e9thiques\u00bb<\/span><\/a><\/p>\n","protected":false},"author":5,"featured_media":26519,"comment_status":"closed","ping_status":"closed","sticky":false,"template":"","format":"standard","meta":{"neve_meta_sidebar":"","neve_meta_container":"","neve_meta_enable_content_width":"","neve_meta_content_width":0,"neve_meta_title_alignment":"","neve_meta_author_avatar":"","neve_post_elements_order":"","neve_meta_disable_header":"","neve_meta_disable_footer":"","neve_meta_disable_title":"","neve_meta_reading_time":"","_price":"","_stock":"","_tribe_ticket_header":"","_tribe_default_ticket_provider":"","_tribe_ticket_capacity":"0","_ticket_start_date":"","_ticket_end_date":"","_tribe_ticket_show_description":"","_tribe_ticket_show_not_going":false,"_tribe_ticket_use_global_stock":"","_tribe_ticket_global_stock_level":"","_global_stock_mode":"","_global_stock_cap":"","_tribe_rsvp_for_event":"","_tribe_ticket_going_count":"","_tribe_ticket_not_going_count":"","_tribe_tickets_list":"[]","_tribe_ticket_has_attendee_info_fields":false,"footnotes":"","_tec_slr_enabled":"","_tec_slr_layout":""},"categories":[302],"tags":[],"post_folder":[],"class_list":["post-34542","post","type-post","status-publish","format-standard","has-post-thumbnail","hentry","category-colloque"],"ticketed":false,"_links":{"self":[{"href":"https:\/\/vsa-aas.ch\/fr\/wp-json\/wp\/v2\/posts\/34542","targetHints":{"allow":["GET"]}}],"collection":[{"href":"https:\/\/vsa-aas.ch\/fr\/wp-json\/wp\/v2\/posts"}],"about":[{"href":"https:\/\/vsa-aas.ch\/fr\/wp-json\/wp\/v2\/types\/post"}],"author":[{"embeddable":true,"href":"https:\/\/vsa-aas.ch\/fr\/wp-json\/wp\/v2\/users\/5"}],"replies":[{"embeddable":true,"href":"https:\/\/vsa-aas.ch\/fr\/wp-json\/wp\/v2\/comments?post=34542"}],"version-history":[{"count":5,"href":"https:\/\/vsa-aas.ch\/fr\/wp-json\/wp\/v2\/posts\/34542\/revisions"}],"predecessor-version":[{"id":56498,"href":"https:\/\/vsa-aas.ch\/fr\/wp-json\/wp\/v2\/posts\/34542\/revisions\/56498"}],"wp:featuredmedia":[{"embeddable":true,"href":"https:\/\/vsa-aas.ch\/fr\/wp-json\/wp\/v2\/media\/26519"}],"wp:attachment":[{"href":"https:\/\/vsa-aas.ch\/fr\/wp-json\/wp\/v2\/media?parent=34542"}],"wp:term":[{"taxonomy":"category","embeddable":true,"href":"https:\/\/vsa-aas.ch\/fr\/wp-json\/wp\/v2\/categories?post=34542"},{"taxonomy":"post_tag","embeddable":true,"href":"https:\/\/vsa-aas.ch\/fr\/wp-json\/wp\/v2\/tags?post=34542"},{"taxonomy":"post_folder","embeddable":true,"href":"https:\/\/vsa-aas.ch\/fr\/wp-json\/wp\/v2\/post_folder?post=34542"}],"curies":[{"name":"wp","href":"https:\/\/api.w.org\/{rel}","templated":true}]}}