{"id":37828,"date":"2023-08-16T15:58:45","date_gmt":"2023-08-16T13:58:45","guid":{"rendered":"https:\/\/vsa-aas.ch\/non-classifiee\/vue-densemble-actualisee-des-conferences-de-directeurs-regionales-et-des-archives-conseil\/"},"modified":"2023-08-16T16:07:19","modified_gmt":"2023-08-16T14:07:19","slug":"vue-densemble-actualisee-des-conferences-de-directeurs-regionales-et-des-archives-conseil","status":"publish","type":"post","link":"https:\/\/vsa-aas.ch\/fr\/ressources\/evaluation\/vue-densemble-actualisee-des-conferences-de-directeurs-regionales-et-des-archives-conseil\/","title":{"rendered":"Vue d\u2019ensemble actualis\u00e9e des conf\u00e9rences de directeurs \/ r\u00e9gionales et des archives-conseil"},"content":{"rendered":"\n<p>En novembre 2022, le GT \u00c9valuation a r\u00e9alis\u00e9 une enqu\u00eate aupr\u00e8s de toutes les Archives d\u2019\u00c9tat et des Archives f\u00e9d\u00e9rales afin de mettre \u00e0 jour les informations sur les conf\u00e9rences de directeurs et les conf\u00e9rences r\u00e9gionales incluses dans les documents A30 et A28. Apr\u00e8s analyse des r\u00e9sultats de l\u2019enqu\u00eate, les deux documents, y compris leurs annexes, ont \u00e9t\u00e9 remani\u00e9s et publi\u00e9s sur le site Internet (cf. A30 <a href=\"https:\/\/vsa-aas.ch\/wp-content\/uploads\/2023\/08\/A30_Conferences_de_directeurs_publie_fr.pdf\" target=\"_blank\" rel=\"noreferrer noopener\">Aper\u00e7u des Conf\u00e9rences de directeurs et archives-conseil<\/a> et A28 <a href=\"https:\/\/vsa-aas.ch\/wp-content\/uploads\/2023\/08\/A28_Conferences_regionales_publie_fr.pdf\" target=\"_blank\" rel=\"noreferrer noopener\">Conf\u00e9rences r\u00e9gionales)<\/a>.<\/p>\n\n\n\n<p>Des archives-conseil ont par ailleurs pu \u00eatre trouv\u00e9es pour trois conf\u00e9rences r\u00e9gionales qui n\u2019\u00e9taient pas encore affect\u00e9es \u00e0 des archives. Il s\u2019agit des trois conf\u00e9rences r\u00e9gionales ainsi que des nouvelles archives-conseils suivantes:<\/p>\n\n\n\n<ul class=\"wp-block-list\">\n<li>\u2022 Espace de formation de la Suisse du Nord-Ouest \u2013 Archives d\u2019\u00c9tat d\u2019Argovie<\/li>\n\n\n\n<li>\u2022 Conf\u00e9rence des directrices et directeurs de la sant\u00e9 de la Suisse du Nord-Ouest \u2013 Archives d\u2019\u00c9tat de B\u00e2le-Ville<\/li>\n\n\n\n<li>\u2022 Conf\u00e9rence des transports de la Suisse occidentale \u2013 Archives d\u2019\u00c9tat du Valais<\/li>\n<\/ul>\n","protected":false},"excerpt":{"rendered":"<p>En novembre 2022, le GT \u00c9valuation a r\u00e9alis\u00e9 une enqu\u00eate aupr\u00e8s de toutes les Archives d\u2019\u00c9tat et des Archives f\u00e9d\u00e9rales afin de mettre \u00e0 jour les informations sur les conf\u00e9rences&hellip;&nbsp;<a href=\"https:\/\/vsa-aas.ch\/fr\/ressources\/evaluation\/vue-densemble-actualisee-des-conferences-de-directeurs-regionales-et-des-archives-conseil\/\" rel=\"bookmark\">Read More &raquo;<span class=\"screen-reader-text\">Vue d\u2019ensemble actualis\u00e9e des conf\u00e9rences de directeurs \/ r\u00e9gionales et des archives-conseil<\/span><\/a><\/p>\n","protected":false},"author":9,"featured_media":29892,"comment_status":"closed","ping_status":"closed","sticky":false,"template":"","format":"standard","meta":{"neve_meta_sidebar":"","neve_meta_container":"","neve_meta_enable_content_width":"","neve_meta_content_width":0,"neve_meta_title_alignment":"","neve_meta_author_avatar":"","neve_post_elements_order":"","neve_meta_disable_header":"","neve_meta_disable_footer":"","neve_meta_disable_title":"","neve_meta_reading_time":"","_price":"","_stock":"","_tribe_ticket_header":"","_tribe_default_ticket_provider":"","_tribe_ticket_capacity":"0","_ticket_start_date":"","_ticket_end_date":"","_tribe_ticket_show_description":"","_tribe_ticket_show_not_going":false,"_tribe_ticket_use_global_stock":"","_tribe_ticket_global_stock_level":"","_global_stock_mode":"","_global_stock_cap":"","_tribe_rsvp_for_event":"","_tribe_ticket_going_count":"","_tribe_ticket_not_going_count":"","_tribe_tickets_list":"[]","_tribe_ticket_has_attendee_info_fields":false,"footnotes":"","_tec_slr_enabled":"","_tec_slr_layout":""},"categories":[318,306,316],"tags":[],"post_folder":[],"class_list":["post-37828","post","type-post","status-publish","format-standard","has-post-thumbnail","hentry","category-conventions","category-evaluation","category-recommandations"],"ticketed":false,"_links":{"self":[{"href":"https:\/\/vsa-aas.ch\/fr\/wp-json\/wp\/v2\/posts\/37828","targetHints":{"allow":["GET"]}}],"collection":[{"href":"https:\/\/vsa-aas.ch\/fr\/wp-json\/wp\/v2\/posts"}],"about":[{"href":"https:\/\/vsa-aas.ch\/fr\/wp-json\/wp\/v2\/types\/post"}],"author":[{"embeddable":true,"href":"https:\/\/vsa-aas.ch\/fr\/wp-json\/wp\/v2\/users\/9"}],"replies":[{"embeddable":true,"href":"https:\/\/vsa-aas.ch\/fr\/wp-json\/wp\/v2\/comments?post=37828"}],"version-history":[{"count":2,"href":"https:\/\/vsa-aas.ch\/fr\/wp-json\/wp\/v2\/posts\/37828\/revisions"}],"predecessor-version":[{"id":37833,"href":"https:\/\/vsa-aas.ch\/fr\/wp-json\/wp\/v2\/posts\/37828\/revisions\/37833"}],"wp:featuredmedia":[{"embeddable":true,"href":"https:\/\/vsa-aas.ch\/fr\/wp-json\/wp\/v2\/media\/29892"}],"wp:attachment":[{"href":"https:\/\/vsa-aas.ch\/fr\/wp-json\/wp\/v2\/media?parent=37828"}],"wp:term":[{"taxonomy":"category","embeddable":true,"href":"https:\/\/vsa-aas.ch\/fr\/wp-json\/wp\/v2\/categories?post=37828"},{"taxonomy":"post_tag","embeddable":true,"href":"https:\/\/vsa-aas.ch\/fr\/wp-json\/wp\/v2\/tags?post=37828"},{"taxonomy":"post_folder","embeddable":true,"href":"https:\/\/vsa-aas.ch\/fr\/wp-json\/wp\/v2\/post_folder?post=37828"}],"curies":[{"name":"wp","href":"https:\/\/api.w.org\/{rel}","templated":true}]}}