{"id":38208,"date":"2023-09-19T14:32:48","date_gmt":"2023-09-19T12:32:48","guid":{"rendered":"https:\/\/vsa-aas.ch\/non-classifiee\/nouvelle-constitution-du-comite-de-laas\/"},"modified":"2023-09-19T15:03:43","modified_gmt":"2023-09-19T13:03:43","slug":"nouvelle-constitution-du-comite-de-laas","status":"publish","type":"post","link":"https:\/\/vsa-aas.ch\/fr\/association\/nouvelle-constitution-du-comite-de-laas\/","title":{"rendered":"Nouvelle constitution du comit\u00e9 de l&rsquo;AAS"},"content":{"rendered":"\n<p><\/p>\n\n\n\n<p>Alain Dubois, pr\u00e9sident de l&rsquo;AAS, et Leonardo Broillet, tr\u00e9sorier, ont d\u00e9missionn\u00e9 du comit\u00e9 directeur de l\u2019AAS lors de l&rsquo;assembl\u00e9e g\u00e9n\u00e9rale du 14 septembre \u00e0 Sarnen. Pour succ\u00e9der \u00e0 Alain Dubois, les membres ont \u00e9lu Heike Bazak comme co-pr\u00e9sidente et Sandro Frefel comme co-pr\u00e9sident. Nicole B\u00e4ttig devient la nouvelle tr\u00e9sori\u00e8re, conform\u00e9ment \u00e0 la d\u00e9cision du comit\u00e9.<\/p>\n\n\n\n<p>Les membres du comit\u00e9 directeur de l\u2019AAS sont :<br><br>\u2022 Heike Bazak, co-pr\u00e9sidente<br>\u2022 Sandro Frefel, co-pr\u00e9sident<br>\u2022 Stefan Kwasnitza, vice-pr\u00e9sident<br>\u2022 Nicole B\u00e4ttig, tr\u00e9sori\u00e8re<br>\u2022 Marie-Pascal Chassot, secr\u00e9taire<br>\u2022 Valentin Chiquet<br>\u2022 Gilliane Kern<\/p>\n\n\n\n<p>Le successeur de Leonardo Broillet au comit\u00e9 directeur de l\u2019AAS sera d\u00e9sign\u00e9 lors de l&rsquo;assembl\u00e9e g\u00e9n\u00e9rale 2024.<\/p>\n\n\n\n<p><\/p>\n","protected":false},"excerpt":{"rendered":"<p>Alain Dubois, pr\u00e9sident de l&rsquo;AAS, et Leonardo Broillet, tr\u00e9sorier, ont d\u00e9missionn\u00e9 du comit\u00e9 directeur de l\u2019AAS lors de l&rsquo;assembl\u00e9e g\u00e9n\u00e9rale du 14 septembre \u00e0 Sarnen. Pour succ\u00e9der \u00e0 Alain Dubois,&hellip;&nbsp;<a href=\"https:\/\/vsa-aas.ch\/fr\/association\/nouvelle-constitution-du-comite-de-laas\/\" rel=\"bookmark\">Read More &raquo;<span class=\"screen-reader-text\">Nouvelle constitution du comit\u00e9 de l&rsquo;AAS<\/span><\/a><\/p>\n","protected":false},"author":9,"featured_media":26483,"comment_status":"closed","ping_status":"closed","sticky":false,"template":"","format":"standard","meta":{"neve_meta_sidebar":"","neve_meta_container":"","neve_meta_enable_content_width":"","neve_meta_content_width":0,"neve_meta_title_alignment":"","neve_meta_author_avatar":"","neve_post_elements_order":"","neve_meta_disable_header":"","neve_meta_disable_footer":"","neve_meta_disable_title":"","neve_meta_reading_time":"","_price":"","_stock":"","_tribe_ticket_header":"","_tribe_default_ticket_provider":"","_tribe_ticket_capacity":"0","_ticket_start_date":"","_ticket_end_date":"","_tribe_ticket_show_description":"","_tribe_ticket_show_not_going":false,"_tribe_ticket_use_global_stock":"","_tribe_ticket_global_stock_level":"","_global_stock_mode":"","_global_stock_cap":"","_tribe_rsvp_for_event":"","_tribe_ticket_going_count":"","_tribe_ticket_not_going_count":"","_tribe_tickets_list":"[]","_tribe_ticket_has_attendee_info_fields":false,"footnotes":"","_tec_slr_enabled":"","_tec_slr_layout":""},"categories":[279],"tags":[],"post_folder":[181],"class_list":["post-38208","post","type-post","status-publish","format-standard","has-post-thumbnail","hentry","category-association"],"ticketed":false,"_links":{"self":[{"href":"https:\/\/vsa-aas.ch\/fr\/wp-json\/wp\/v2\/posts\/38208","targetHints":{"allow":["GET"]}}],"collection":[{"href":"https:\/\/vsa-aas.ch\/fr\/wp-json\/wp\/v2\/posts"}],"about":[{"href":"https:\/\/vsa-aas.ch\/fr\/wp-json\/wp\/v2\/types\/post"}],"author":[{"embeddable":true,"href":"https:\/\/vsa-aas.ch\/fr\/wp-json\/wp\/v2\/users\/9"}],"replies":[{"embeddable":true,"href":"https:\/\/vsa-aas.ch\/fr\/wp-json\/wp\/v2\/comments?post=38208"}],"version-history":[{"count":3,"href":"https:\/\/vsa-aas.ch\/fr\/wp-json\/wp\/v2\/posts\/38208\/revisions"}],"predecessor-version":[{"id":38218,"href":"https:\/\/vsa-aas.ch\/fr\/wp-json\/wp\/v2\/posts\/38208\/revisions\/38218"}],"wp:featuredmedia":[{"embeddable":true,"href":"https:\/\/vsa-aas.ch\/fr\/wp-json\/wp\/v2\/media\/26483"}],"wp:attachment":[{"href":"https:\/\/vsa-aas.ch\/fr\/wp-json\/wp\/v2\/media?parent=38208"}],"wp:term":[{"taxonomy":"category","embeddable":true,"href":"https:\/\/vsa-aas.ch\/fr\/wp-json\/wp\/v2\/categories?post=38208"},{"taxonomy":"post_tag","embeddable":true,"href":"https:\/\/vsa-aas.ch\/fr\/wp-json\/wp\/v2\/tags?post=38208"},{"taxonomy":"post_folder","embeddable":true,"href":"https:\/\/vsa-aas.ch\/fr\/wp-json\/wp\/v2\/post_folder?post=38208"}],"curies":[{"name":"wp","href":"https:\/\/api.w.org\/{rel}","templated":true}]}}