{"id":55704,"date":"2024-06-27T11:24:35","date_gmt":"2024-06-27T09:24:35","guid":{"rendered":"https:\/\/vsa-aas.ch\/?p=55704"},"modified":"2024-07-05T08:29:25","modified_gmt":"2024-07-05T06:29:25","slug":"publication-de-lassociation-des-archivistes-suisses-ne-pas-oublier-de-se-souvenir","status":"publish","type":"post","link":"https:\/\/vsa-aas.ch\/fr\/offres-de-formation-de-laas\/publication-de-lassociation-des-archivistes-suisses-ne-pas-oublier-de-se-souvenir\/","title":{"rendered":"Publication de l&rsquo;Association des archivistes suisses : \u00ab Ne pas oublier de se souvenir \u00bb"},"content":{"rendered":"\n<p>Le comit\u00e9 directeur se r\u00e9jouit de rendre accessible sur le site de l\u2019AAS le rapport d&rsquo;Urs Hafner \u00ab <a href=\"https:\/\/vsa-aas.ch\/wp-content\/uploads\/2024\/07\/Hafner-Ne-pas-oublier-de-se-souvenir-2024.pdf\" target=\"_blank\" rel=\"noreferrer noopener\">Ne pas oublier de se souvenir.<\/a> La protection des donn\u00e9es comme d\u00e9fi pour les archives de la Suisse. Un \u00e9tat des lieux \u00bb.<\/p>\n\n\n\n<p>Les co-pr\u00e9sidents ont compl\u00e9t\u00e9 le rapport par une pr\u00e9face dans laquelle ils exposent leur point de vue. De plus, les co-pr\u00e9sidents donnent leur avis sur les mesures recommand\u00e9es par Urs Hafner. <\/p>\n\n\n\n<p>Urs Hafner pr\u00e9sentera son rapport lors de la journ\u00e9e professionnelle de l\u2019AAS \u00ab Acc\u00e8s aux archives &#8211; Droit ou devoir ? \u00bb \u00e0 Teufen (AR) le 13 septembre. Il est possible de s&rsquo;inscrire au colloque ici : <a href=\"https:\/\/vsa-aas.ch\/fr\/event\/101e-assemblee-generale-journee-professionelle-2024\/\" target=\"_blank\" rel=\"noreferrer noopener\">101e assembl\u00e9e g\u00e9n\u00e9rale \/ journ\u00e9e professionelle 2024 &#8211; VSA-AAS<\/a><\/p>\n\n\n\n<p>Le comit\u00e9 directeur se r\u00e9jouit de la discussion sur le sujet<\/p>\n","protected":false},"excerpt":{"rendered":"<p>Le comit\u00e9 directeur se r\u00e9jouit de rendre accessible sur le site de l\u2019AAS le rapport d&rsquo;Urs Hafner \u00ab Ne pas oublier de se souvenir. La protection des donn\u00e9es comme d\u00e9fi&hellip;&nbsp;<a href=\"https:\/\/vsa-aas.ch\/fr\/offres-de-formation-de-laas\/publication-de-lassociation-des-archivistes-suisses-ne-pas-oublier-de-se-souvenir\/\" rel=\"bookmark\">Read More &raquo;<span class=\"screen-reader-text\">Publication de l&rsquo;Association des archivistes suisses : \u00ab Ne pas oublier de se souvenir \u00bb<\/span><\/a><\/p>\n","protected":false},"author":9,"featured_media":26519,"comment_status":"closed","ping_status":"closed","sticky":true,"template":"","format":"standard","meta":{"neve_meta_sidebar":"","neve_meta_container":"","neve_meta_enable_content_width":"","neve_meta_content_width":0,"neve_meta_title_alignment":"","neve_meta_author_avatar":"","neve_post_elements_order":"","neve_meta_disable_header":"","neve_meta_disable_footer":"","neve_meta_disable_title":"","neve_meta_reading_time":"","_price":"","_stock":"","_tribe_ticket_header":"","_tribe_default_ticket_provider":"","_tribe_ticket_capacity":"0","_ticket_start_date":"","_ticket_end_date":"","_tribe_ticket_show_description":"","_tribe_ticket_show_not_going":false,"_tribe_ticket_use_global_stock":"","_tribe_ticket_global_stock_level":"","_global_stock_mode":"","_global_stock_cap":"","_tribe_rsvp_for_event":"","_tribe_ticket_going_count":"","_tribe_ticket_not_going_count":"","_tribe_tickets_list":"[]","_tribe_ticket_has_attendee_info_fields":false,"footnotes":"","_tec_slr_enabled":"","_tec_slr_layout":""},"categories":[283],"tags":[],"post_folder":[],"class_list":["post-55704","post","type-post","status-publish","format-standard","has-post-thumbnail","hentry","category-offres-de-formation-de-laas"],"ticketed":false,"_links":{"self":[{"href":"https:\/\/vsa-aas.ch\/fr\/wp-json\/wp\/v2\/posts\/55704","targetHints":{"allow":["GET"]}}],"collection":[{"href":"https:\/\/vsa-aas.ch\/fr\/wp-json\/wp\/v2\/posts"}],"about":[{"href":"https:\/\/vsa-aas.ch\/fr\/wp-json\/wp\/v2\/types\/post"}],"author":[{"embeddable":true,"href":"https:\/\/vsa-aas.ch\/fr\/wp-json\/wp\/v2\/users\/9"}],"replies":[{"embeddable":true,"href":"https:\/\/vsa-aas.ch\/fr\/wp-json\/wp\/v2\/comments?post=55704"}],"version-history":[{"count":5,"href":"https:\/\/vsa-aas.ch\/fr\/wp-json\/wp\/v2\/posts\/55704\/revisions"}],"predecessor-version":[{"id":55859,"href":"https:\/\/vsa-aas.ch\/fr\/wp-json\/wp\/v2\/posts\/55704\/revisions\/55859"}],"wp:featuredmedia":[{"embeddable":true,"href":"https:\/\/vsa-aas.ch\/fr\/wp-json\/wp\/v2\/media\/26519"}],"wp:attachment":[{"href":"https:\/\/vsa-aas.ch\/fr\/wp-json\/wp\/v2\/media?parent=55704"}],"wp:term":[{"taxonomy":"category","embeddable":true,"href":"https:\/\/vsa-aas.ch\/fr\/wp-json\/wp\/v2\/categories?post=55704"},{"taxonomy":"post_tag","embeddable":true,"href":"https:\/\/vsa-aas.ch\/fr\/wp-json\/wp\/v2\/tags?post=55704"},{"taxonomy":"post_folder","embeddable":true,"href":"https:\/\/vsa-aas.ch\/fr\/wp-json\/wp\/v2\/post_folder?post=55704"}],"curies":[{"name":"wp","href":"https:\/\/api.w.org\/{rel}","templated":true}]}}