{"id":56521,"date":"2024-09-19T16:46:52","date_gmt":"2024-09-19T14:46:52","guid":{"rendered":"https:\/\/vsa-aas.ch\/non-classifiee\/acces-aux-archives-droit-ou-obligation\/"},"modified":"2024-09-19T17:19:21","modified_gmt":"2024-09-19T15:19:21","slug":"acces-aux-archives-droit-ou-obligation","status":"publish","type":"post","link":"https:\/\/vsa-aas.ch\/fr\/colloque\/acces-aux-archives-droit-ou-obligation\/","title":{"rendered":"\u00abAcc\u00e8s aux archives \u2013 Droit ou <br>obligation ?\u00bb"},"content":{"rendered":"\n<p>Les pr\u00e9sentations de notre journ\u00e9e professionelle 2024 peuvent \u00eatre consult\u00e9es ici.<\/p>\n\n<ul class=\"wp-block-list\">\n<li><a href=\"https:\/\/vsa-aas.ch\/wp-content\/uploads\/2024\/09\/2024-09-13_Nerlich_Einfuehrung_Publikation.pdf\" target=\"_blank\" rel=\"noreferrer noopener\"><\/a><a href=\"https:\/\/vsa-aas.ch\/wp-content\/uploads\/2024\/09\/2024-09-13_Nerlich_Einfuehrung_Publikation.pdf\">Daniel Nerlich &#8211; Introduction<\/a><\/li>\n\n\n\n<li><a href=\"https:\/\/vsa-aas.ch\/wp-content\/uploads\/2024\/09\/2024-09-13_Hafner_Publikation.pdf\">Urs Hafner &#8211; Discours d\u2019ouverture de l\u2019\u00e9tude:<\/a><a href=\"https:\/\/vsa-aas.ch\/wp-content\/uploads\/2024\/09\/2024-09-13_Hafner_Publikation.pdf\" target=\"_blank\" rel=\"noreferrer noopener\">Ne pas oblier<\/a><a href=\"https:\/\/vsa-aas.ch\/wp-content\/uploads\/2024\/09\/2024-09-13_Hafner_Publikation.pdf\">la m\u00e9moire \u2013 La protection des donn\u00e9es, un d\u00e9fi pour les archives en Suisse<\/a><\/li>\n\n\n\n<li><a href=\"https:\/\/vsa-aas.ch\/wp-content\/uploads\/2024\/09\/2024-09-13_Guggisberg_Publikation.pdf\" target=\"_blank\" rel=\"noreferrer noopener\">Ernst Guggisberg &#8211; Devoir de m\u00e9moire et de transparence \u2013 Acc\u00e8s <br\/>aux archives publiques<\/a><\/li>\n\n\n\n<li><a href=\"https:\/\/vsa-aas.ch\/wp-content\/uploads\/2024\/09\/2024-09-13_ChristellerOffenstein_Publikation.pdf\" target=\"_blank\" rel=\"noreferrer noopener\"><\/a><a href=\"https:\/\/vsa-aas.ch\/wp-content\/uploads\/2024\/09\/2024-09-13_ChristellerOffenstein_Publikation.pdf\">Laurent Christeller \/ Sigrid Offenstein &#8211; Patrimoine priv\u00e9 et communication \u2013 Acc\u00e8s aux <br\/>archives d&rsquo;entreprises<\/a><\/li>\n\n\n\n<li><a href=\"https:\/\/vsa-aas.ch\/wp-content\/uploads\/2024\/09\/2024-09-13_Amstutz_Publikation.pdf\">Irene Amstutz &#8211; Concepts pour \u00e9quilibrer<\/a><a href=\"https:\/\/vsa-aas.ch\/wp-content\/uploads\/2024\/09\/2024-09-13_Amstutz_Publikation.pdf\" target=\"_blank\" rel=\"noreferrer noopener\">les tensions<\/a><a href=\"https:\/\/vsa-aas.ch\/wp-content\/uploads\/2024\/09\/2024-09-13_Amstutz_Publikation.pdf\">entre la protection des donn\u00e9es, la libert\u00e9 <br\/>de la science et la libert\u00e9 d&rsquo;information<br\/><\/a><\/li>\n<\/ul>\n","protected":false},"excerpt":{"rendered":"<p>Les pr\u00e9sentations de notre journ\u00e9e professionelle 2024 peuvent \u00eatre consult\u00e9es ici.<\/p>\n","protected":false},"author":9,"featured_media":26519,"comment_status":"closed","ping_status":"closed","sticky":false,"template":"","format":"standard","meta":{"neve_meta_sidebar":"","neve_meta_container":"","neve_meta_enable_content_width":"","neve_meta_content_width":0,"neve_meta_title_alignment":"","neve_meta_author_avatar":"","neve_post_elements_order":"","neve_meta_disable_header":"","neve_meta_disable_footer":"","neve_meta_disable_title":"","neve_meta_reading_time":"","_price":"","_stock":"","_tribe_ticket_header":"","_tribe_default_ticket_provider":"","_tribe_ticket_capacity":"0","_ticket_start_date":"","_ticket_end_date":"","_tribe_ticket_show_description":"","_tribe_ticket_show_not_going":false,"_tribe_ticket_use_global_stock":"","_tribe_ticket_global_stock_level":"","_global_stock_mode":"","_global_stock_cap":"","_tribe_rsvp_for_event":"","_tribe_ticket_going_count":"","_tribe_ticket_not_going_count":"","_tribe_tickets_list":"[]","_tribe_ticket_has_attendee_info_fields":false,"footnotes":"","_tec_slr_enabled":"","_tec_slr_layout":""},"categories":[302],"tags":[],"post_folder":[],"class_list":["post-56521","post","type-post","status-publish","format-standard","has-post-thumbnail","hentry","category-colloque"],"ticketed":false,"_links":{"self":[{"href":"https:\/\/vsa-aas.ch\/fr\/wp-json\/wp\/v2\/posts\/56521","targetHints":{"allow":["GET"]}}],"collection":[{"href":"https:\/\/vsa-aas.ch\/fr\/wp-json\/wp\/v2\/posts"}],"about":[{"href":"https:\/\/vsa-aas.ch\/fr\/wp-json\/wp\/v2\/types\/post"}],"author":[{"embeddable":true,"href":"https:\/\/vsa-aas.ch\/fr\/wp-json\/wp\/v2\/users\/9"}],"replies":[{"embeddable":true,"href":"https:\/\/vsa-aas.ch\/fr\/wp-json\/wp\/v2\/comments?post=56521"}],"version-history":[{"count":5,"href":"https:\/\/vsa-aas.ch\/fr\/wp-json\/wp\/v2\/posts\/56521\/revisions"}],"predecessor-version":[{"id":56526,"href":"https:\/\/vsa-aas.ch\/fr\/wp-json\/wp\/v2\/posts\/56521\/revisions\/56526"}],"wp:featuredmedia":[{"embeddable":true,"href":"https:\/\/vsa-aas.ch\/fr\/wp-json\/wp\/v2\/media\/26519"}],"wp:attachment":[{"href":"https:\/\/vsa-aas.ch\/fr\/wp-json\/wp\/v2\/media?parent=56521"}],"wp:term":[{"taxonomy":"category","embeddable":true,"href":"https:\/\/vsa-aas.ch\/fr\/wp-json\/wp\/v2\/categories?post=56521"},{"taxonomy":"post_tag","embeddable":true,"href":"https:\/\/vsa-aas.ch\/fr\/wp-json\/wp\/v2\/tags?post=56521"},{"taxonomy":"post_folder","embeddable":true,"href":"https:\/\/vsa-aas.ch\/fr\/wp-json\/wp\/v2\/post_folder?post=56521"}],"curies":[{"name":"wp","href":"https:\/\/api.w.org\/{rel}","templated":true}]}}