{"id":57472,"date":"2024-12-19T15:00:24","date_gmt":"2024-12-19T14:00:24","guid":{"rendered":"https:\/\/vsa-aas.ch\/non-classifiee\/au-31-12-24-le-compte-de-laas-x-nest-plus-gere\/"},"modified":"2024-12-19T15:29:45","modified_gmt":"2024-12-19T14:29:45","slug":"au-31-12-24-le-compte-de-laas-x-nest-plus-gere","status":"publish","type":"post","link":"https:\/\/vsa-aas.ch\/fr\/association\/au-31-12-24-le-compte-de-laas-x-nest-plus-gere\/","title":{"rendered":"Au 31.12.24, le compte de l&rsquo;AAS X n&rsquo;est plus g\u00e9r\u00e9"},"content":{"rendered":"\n<p>Le comit\u00e9 de l&rsquo;AAS a d\u00e9cid\u00e9 de fermer son compte X au 31 d\u00e9cembre 2024. En raison de la d\u00e9gradation des \u00e9changes et de la mont\u00e9e de l\u2019extr\u00e9misme et de la discrimination sur X, l&rsquo;AAS concentrera d\u00e9sormais ses activit\u00e9s sur LinkedIn. <\/p>\n\n<p><\/p>\n","protected":false},"excerpt":{"rendered":"<p>Le comit\u00e9 de l&rsquo;AAS a d\u00e9cid\u00e9 de fermer son compte X au 31 d\u00e9cembre 2024. En raison de la d\u00e9gradation des \u00e9changes et de la mont\u00e9e de l\u2019extr\u00e9misme et de&hellip;&nbsp;<a href=\"https:\/\/vsa-aas.ch\/fr\/association\/au-31-12-24-le-compte-de-laas-x-nest-plus-gere\/\" rel=\"bookmark\">Read More &raquo;<span class=\"screen-reader-text\">Au 31.12.24, le compte de l&rsquo;AAS X n&rsquo;est plus g\u00e9r\u00e9<\/span><\/a><\/p>\n","protected":false},"author":9,"featured_media":26519,"comment_status":"closed","ping_status":"closed","sticky":false,"template":"","format":"standard","meta":{"neve_meta_sidebar":"","neve_meta_container":"","neve_meta_enable_content_width":"","neve_meta_content_width":0,"neve_meta_title_alignment":"","neve_meta_author_avatar":"","neve_post_elements_order":"","neve_meta_disable_header":"","neve_meta_disable_footer":"","neve_meta_disable_title":"","neve_meta_reading_time":"","_price":"","_stock":"","_tribe_ticket_header":"","_tribe_default_ticket_provider":"","_tribe_ticket_capacity":"0","_ticket_start_date":"","_ticket_end_date":"","_tribe_ticket_show_description":"","_tribe_ticket_show_not_going":false,"_tribe_ticket_use_global_stock":"","_tribe_ticket_global_stock_level":"","_global_stock_mode":"","_global_stock_cap":"","_tribe_rsvp_for_event":"","_tribe_ticket_going_count":"","_tribe_ticket_not_going_count":"","_tribe_tickets_list":"[]","_tribe_ticket_has_attendee_info_fields":false,"footnotes":"","_tec_slr_enabled":"","_tec_slr_layout":""},"categories":[279],"tags":[],"post_folder":[],"class_list":["post-57472","post","type-post","status-publish","format-standard","has-post-thumbnail","hentry","category-association"],"ticketed":false,"_links":{"self":[{"href":"https:\/\/vsa-aas.ch\/fr\/wp-json\/wp\/v2\/posts\/57472","targetHints":{"allow":["GET"]}}],"collection":[{"href":"https:\/\/vsa-aas.ch\/fr\/wp-json\/wp\/v2\/posts"}],"about":[{"href":"https:\/\/vsa-aas.ch\/fr\/wp-json\/wp\/v2\/types\/post"}],"author":[{"embeddable":true,"href":"https:\/\/vsa-aas.ch\/fr\/wp-json\/wp\/v2\/users\/9"}],"replies":[{"embeddable":true,"href":"https:\/\/vsa-aas.ch\/fr\/wp-json\/wp\/v2\/comments?post=57472"}],"version-history":[{"count":1,"href":"https:\/\/vsa-aas.ch\/fr\/wp-json\/wp\/v2\/posts\/57472\/revisions"}],"predecessor-version":[{"id":57473,"href":"https:\/\/vsa-aas.ch\/fr\/wp-json\/wp\/v2\/posts\/57472\/revisions\/57473"}],"wp:featuredmedia":[{"embeddable":true,"href":"https:\/\/vsa-aas.ch\/fr\/wp-json\/wp\/v2\/media\/26519"}],"wp:attachment":[{"href":"https:\/\/vsa-aas.ch\/fr\/wp-json\/wp\/v2\/media?parent=57472"}],"wp:term":[{"taxonomy":"category","embeddable":true,"href":"https:\/\/vsa-aas.ch\/fr\/wp-json\/wp\/v2\/categories?post=57472"},{"taxonomy":"post_tag","embeddable":true,"href":"https:\/\/vsa-aas.ch\/fr\/wp-json\/wp\/v2\/tags?post=57472"},{"taxonomy":"post_folder","embeddable":true,"href":"https:\/\/vsa-aas.ch\/fr\/wp-json\/wp\/v2\/post_folder?post=57472"}],"curies":[{"name":"wp","href":"https:\/\/api.w.org\/{rel}","templated":true}]}}