{"id":57622,"date":"2025-01-17T09:19:29","date_gmt":"2025-01-17T08:19:29","guid":{"rendered":"https:\/\/vsa-aas.ch\/non-classifiee\/devenez-membre-de-la-commission-de-formation-de-lassociation-des-archivistes-suisses-2\/"},"modified":"2025-01-17T09:19:59","modified_gmt":"2025-01-17T08:19:59","slug":"devenez-membre-de-la-commission-de-formation-de-lassociation-des-archivistes-suisses-2","status":"publish","type":"post","link":"https:\/\/vsa-aas.ch\/fr\/association\/devenez-membre-de-la-commission-de-formation-de-lassociation-des-archivistes-suisses-2\/","title":{"rendered":"Devenez membre de la Commission de formation de l&rsquo;Association des archivistes suisses"},"content":{"rendered":"\n<p>Vous \u00eates engag\u00e9(e) et souhaitez participer activement \u00e0 fa\u00e7onner l&rsquo;avenir de la formation initiale et continue dans les domaines des archives, de l&rsquo;information et de la documentation en Suisse?<\/p>\n\n<p>La Commission de formation de l&rsquo;Association des archivistes suisses (AAS) est \u00e0 la recherche de nouveaux membres qui souhaiteraient s\u2019inscrire au sein du r\u00e9seau des archivistes et s\u2019impliquer activement dans le domaine de la formation en Suisse. <br\/>Parmi ses activit\u00e9s, la Commission de formation est responsable du \u00ab Cours de base pour archivistes \u00bb, qui a lieu deux fois par ans, et qui est destin\u00e9 \u00e0 la formation des nouveaux professionnel(le)s dans notre domaine. La Commission collabore \u00e9galement avec plusieurs Archives en Suisse afin d\u2019assurer la tenue des modules du cycle \u00ab Pratique archivistique suisse \u00bb tout en participant \u00e0 l\u2019organisation de la \u00ab Journ\u00e9e professionnelle \u00bb de l\u2019AAS. <\/p>\n\n<p>Outre l&rsquo;offre de formation continue interne de l&rsquo;AAS, la Commission de formation s&rsquo;engage aussi activement dans la formation professionnelle de base pour les sp\u00e9cialistes de l&rsquo;information et elle repr\u00e9sente l\u2019AAS dans les organes fa\u00eetiers (D\u00e9l\u00e9gation \u00e0 la formation I+D et Commission D+Q).<\/p>\n\n<p>La Commission se r\u00e9unit plusieurs fois par ann\u00e9e, en pr\u00e9sentiel \u00e0 Berne ou en distanciel. Les membres de la Commission de formation s&rsquo;impliquent dans les groupes de travail internes et se r\u00e9partissent les responsabilit\u00e9s afin de pouvoir mener \u00e0 bien les missions qui leurs sont confi\u00e9es.<\/p>\n\n<p>Si vous travaillez dans des Archives et\/ou que vous participez \u00e0 la formation professionnelle dans le domaine des sciences de l\u2019information, n&rsquo;h\u00e9sitez pas \u00e0 contacter les deux co-pr\u00e9sidentes, Tanja Aenis ou Silvia B\u00fchler, pour rejoindre la Commission de formation de l\u2019AAS !<\/p>\n\n<div class=\"wp-block-columns is-layout-flex wp-container-core-columns-is-layout-9d6595d7 wp-block-columns-is-layout-flex\">\n<div class=\"wp-block-column is-layout-flow wp-block-column-is-layout-flow\" style=\"flex-basis:100%\">\n<p>Co-pr\u00e9sidentes de la Commission de formation de l\u2019AAS<\/p>\n\n\n\n<div class=\"wp-block-columns is-layout-flex wp-container-core-columns-is-layout-9d6595d7 wp-block-columns-is-layout-flex\">\n<div class=\"wp-block-column is-layout-flow wp-block-column-is-layout-flow\">\n<p>Tanja Aenis<br\/><a href=\"mailto:tanja.aenis@nestle.com\" target=\"_blank\" rel=\"noreferrer noopener\">tanja.aenis@nestle.com<\/a> <\/p>\n\n\n\n<p><\/p>\n<\/div>\n\n\n\n<div class=\"wp-block-column is-layout-flow wp-block-column-is-layout-flow\">\n<p>Silvia B\u00fchler<br\/><a href=\"mailto:silvia.buehler@be.ch\" target=\"_blank\" rel=\"noreferrer noopener\">silvia.buehler@be.ch<\/a><br\/><\/p>\n<\/div>\n<\/div>\n\n\n\n<p><br\/>                                                                 <br\/>                                                <\/p>\n\n\n\n<div class=\"wp-block-columns is-layout-flex wp-container-core-columns-is-layout-9d6595d7 wp-block-columns-is-layout-flex\">\n<div class=\"wp-block-column is-layout-flow wp-block-column-is-layout-flow\">\n<div class=\"wp-block-columns is-layout-flex wp-container-core-columns-is-layout-9d6595d7 wp-block-columns-is-layout-flex\">\n<div class=\"wp-block-column is-layout-flow wp-block-column-is-layout-flow\">\n<div class=\"wp-block-columns is-layout-flex wp-container-core-columns-is-layout-9d6595d7 wp-block-columns-is-layout-flex\">\n<div class=\"wp-block-column is-layout-flow wp-block-column-is-layout-flow\"><\/div>\n\n\n\n<div class=\"wp-block-column is-layout-flow wp-block-column-is-layout-flow\"><\/div>\n<\/div>\n<\/div>\n\n\n\n<div class=\"wp-block-column is-layout-flow wp-block-column-is-layout-flow\"><\/div>\n<\/div>\n<\/div>\n\n\n\n<div class=\"wp-block-column is-layout-flow wp-block-column-is-layout-flow\"><\/div>\n<\/div>\n<\/div>\n<\/div>\n\n<p>Devenez membre de la Commission de formation de l&rsquo;Association des archivistes suisses<\/p>\n","protected":false},"excerpt":{"rendered":"<p>Vous \u00eates engag\u00e9(e) et souhaitez participer activement \u00e0 fa\u00e7onner l&rsquo;avenir de la formation initiale et continue dans les domaines des archives, de l&rsquo;information et de la documentation en Suisse? La&hellip;&nbsp;<a href=\"https:\/\/vsa-aas.ch\/fr\/association\/devenez-membre-de-la-commission-de-formation-de-lassociation-des-archivistes-suisses-2\/\" rel=\"bookmark\">Read More &raquo;<span class=\"screen-reader-text\">Devenez membre de la Commission de formation de l&rsquo;Association des archivistes suisses<\/span><\/a><\/p>\n","protected":false},"author":9,"featured_media":26557,"comment_status":"closed","ping_status":"closed","sticky":false,"template":"","format":"standard","meta":{"neve_meta_sidebar":"","neve_meta_container":"","neve_meta_enable_content_width":"","neve_meta_content_width":0,"neve_meta_title_alignment":"","neve_meta_author_avatar":"","neve_post_elements_order":"","neve_meta_disable_header":"","neve_meta_disable_footer":"","neve_meta_disable_title":"","neve_meta_reading_time":"","_price":"","_stock":"","_tribe_ticket_header":"","_tribe_default_ticket_provider":"","_tribe_ticket_capacity":"0","_ticket_start_date":"","_ticket_end_date":"","_tribe_ticket_show_description":"","_tribe_ticket_show_not_going":false,"_tribe_ticket_use_global_stock":"","_tribe_ticket_global_stock_level":"","_global_stock_mode":"","_global_stock_cap":"","_tribe_rsvp_for_event":"","_tribe_ticket_going_count":"","_tribe_ticket_not_going_count":"","_tribe_tickets_list":"[]","_tribe_ticket_has_attendee_info_fields":false,"footnotes":"","_tec_slr_enabled":"","_tec_slr_layout":""},"categories":[279],"tags":[],"post_folder":[],"class_list":["post-57622","post","type-post","status-publish","format-standard","has-post-thumbnail","hentry","category-association"],"ticketed":false,"_links":{"self":[{"href":"https:\/\/vsa-aas.ch\/fr\/wp-json\/wp\/v2\/posts\/57622","targetHints":{"allow":["GET"]}}],"collection":[{"href":"https:\/\/vsa-aas.ch\/fr\/wp-json\/wp\/v2\/posts"}],"about":[{"href":"https:\/\/vsa-aas.ch\/fr\/wp-json\/wp\/v2\/types\/post"}],"author":[{"embeddable":true,"href":"https:\/\/vsa-aas.ch\/fr\/wp-json\/wp\/v2\/users\/9"}],"replies":[{"embeddable":true,"href":"https:\/\/vsa-aas.ch\/fr\/wp-json\/wp\/v2\/comments?post=57622"}],"version-history":[{"count":1,"href":"https:\/\/vsa-aas.ch\/fr\/wp-json\/wp\/v2\/posts\/57622\/revisions"}],"predecessor-version":[{"id":57623,"href":"https:\/\/vsa-aas.ch\/fr\/wp-json\/wp\/v2\/posts\/57622\/revisions\/57623"}],"wp:featuredmedia":[{"embeddable":true,"href":"https:\/\/vsa-aas.ch\/fr\/wp-json\/wp\/v2\/media\/26557"}],"wp:attachment":[{"href":"https:\/\/vsa-aas.ch\/fr\/wp-json\/wp\/v2\/media?parent=57622"}],"wp:term":[{"taxonomy":"category","embeddable":true,"href":"https:\/\/vsa-aas.ch\/fr\/wp-json\/wp\/v2\/categories?post=57622"},{"taxonomy":"post_tag","embeddable":true,"href":"https:\/\/vsa-aas.ch\/fr\/wp-json\/wp\/v2\/tags?post=57622"},{"taxonomy":"post_folder","embeddable":true,"href":"https:\/\/vsa-aas.ch\/fr\/wp-json\/wp\/v2\/post_folder?post=57622"}],"curies":[{"name":"wp","href":"https:\/\/api.w.org\/{rel}","templated":true}]}}