{"id":38212,"date":"2023-09-19T14:32:48","date_gmt":"2023-09-19T12:32:48","guid":{"rendered":"https:\/\/vsa-aas.ch\/non-categorizzato\/ricostituzione-del-consiglio-direttivo-dellaas\/"},"modified":"2023-09-19T15:02:52","modified_gmt":"2023-09-19T13:02:52","slug":"ricostituzione-del-consiglio-direttivo-dellaas","status":"publish","type":"post","link":"https:\/\/vsa-aas.ch\/it\/associazione\/ricostituzione-del-consiglio-direttivo-dellaas\/","title":{"rendered":"Ricostituzione del Consiglio direttivo dell&#8217;AAS"},"content":{"rendered":"\n<p><\/p>\n\n\n\n<p>Alain Dubois, Presidente dell\u2019AAS, e Leonardo Broillet, tesoriere, hanno rassegnato le dimissioni dal Consiglio directtivo dell&#8217;AAS in occasione dell&#8217;Assemblea generale di Sarnen del 14 settembre Per succedere ad Alain Dubois, i membri hanno eletto Heike Bazak come co-presidente e Sandro Frefel come co-presidente. Nicole B\u00e4ttig \u00e8 diventata il nuovo tesoriere, in conformit\u00e0 con la decisione del Consiglio.<\/p>\n\n\n\n<p>I membri del Consiglio directtivo dell&#8217;AAS sono :<\/p>\n\n\n\n<ul class=\"wp-block-list\">\n<li>Heike Bazak, co-presidente<\/li>\n\n\n\n<li>Sandro Frefel, co-presidente<\/li>\n\n\n\n<li>Stefan Kwasnitza, vice-presidente<\/li>\n\n\n\n<li>Nicole B\u00e4ttig, tesoriere<\/li>\n\n\n\n<li>Marie-Pascal Chassot, Segretario<\/li>\n\n\n\n<li>Valentin Chiquet<\/li>\n\n\n\n<li>Gilliane Kern<\/li>\n<\/ul>\n\n\n\n<p>Il successore di Leonardo Broillet nel Consiglio directtivo dell&#8217;AAS sar\u00e0 nominato in occasione dell&#8217;Assemblea generale del 2024.<\/p>\n\n\n\n<p><\/p>\n","protected":false},"excerpt":{"rendered":"<p>Alain Dubois, Presidente dell\u2019AAS, e Leonardo Broillet, tesoriere, hanno rassegnato le dimissioni dal Consiglio directtivo dell&#8217;AAS in occasione dell&#8217;Assemblea generale di Sarnen del 14 settembre Per succedere ad Alain Dubois,&hellip;&nbsp;<a href=\"https:\/\/vsa-aas.ch\/it\/associazione\/ricostituzione-del-consiglio-direttivo-dellaas\/\" rel=\"bookmark\">Read More &raquo;<span class=\"screen-reader-text\">Ricostituzione del Consiglio direttivo dell&#8217;AAS<\/span><\/a><\/p>\n","protected":false},"author":9,"featured_media":26484,"comment_status":"closed","ping_status":"closed","sticky":false,"template":"","format":"standard","meta":{"neve_meta_sidebar":"","neve_meta_container":"","neve_meta_enable_content_width":"","neve_meta_content_width":0,"neve_meta_title_alignment":"","neve_meta_author_avatar":"","neve_post_elements_order":"","neve_meta_disable_header":"","neve_meta_disable_footer":"","neve_meta_disable_title":"","neve_meta_reading_time":"","_price":"","_stock":"","_tribe_ticket_header":"","_tribe_default_ticket_provider":"","_tribe_ticket_capacity":"0","_ticket_start_date":"","_ticket_end_date":"","_tribe_ticket_show_description":"","_tribe_ticket_show_not_going":false,"_tribe_ticket_use_global_stock":"","_tribe_ticket_global_stock_level":"","_global_stock_mode":"","_global_stock_cap":"","_tribe_rsvp_for_event":"","_tribe_ticket_going_count":"","_tribe_ticket_not_going_count":"","_tribe_tickets_list":"[]","_tribe_ticket_has_attendee_info_fields":false,"footnotes":"","_tec_slr_enabled":"","_tec_slr_layout":""},"categories":[280],"tags":[],"post_folder":[181],"class_list":["post-38212","post","type-post","status-publish","format-standard","has-post-thumbnail","hentry","category-associazione"],"ticketed":false,"_links":{"self":[{"href":"https:\/\/vsa-aas.ch\/it\/wp-json\/wp\/v2\/posts\/38212","targetHints":{"allow":["GET"]}}],"collection":[{"href":"https:\/\/vsa-aas.ch\/it\/wp-json\/wp\/v2\/posts"}],"about":[{"href":"https:\/\/vsa-aas.ch\/it\/wp-json\/wp\/v2\/types\/post"}],"author":[{"embeddable":true,"href":"https:\/\/vsa-aas.ch\/it\/wp-json\/wp\/v2\/users\/9"}],"replies":[{"embeddable":true,"href":"https:\/\/vsa-aas.ch\/it\/wp-json\/wp\/v2\/comments?post=38212"}],"version-history":[{"count":3,"href":"https:\/\/vsa-aas.ch\/it\/wp-json\/wp\/v2\/posts\/38212\/revisions"}],"predecessor-version":[{"id":38217,"href":"https:\/\/vsa-aas.ch\/it\/wp-json\/wp\/v2\/posts\/38212\/revisions\/38217"}],"wp:featuredmedia":[{"embeddable":true,"href":"https:\/\/vsa-aas.ch\/it\/wp-json\/wp\/v2\/media\/26484"}],"wp:attachment":[{"href":"https:\/\/vsa-aas.ch\/it\/wp-json\/wp\/v2\/media?parent=38212"}],"wp:term":[{"taxonomy":"category","embeddable":true,"href":"https:\/\/vsa-aas.ch\/it\/wp-json\/wp\/v2\/categories?post=38212"},{"taxonomy":"post_tag","embeddable":true,"href":"https:\/\/vsa-aas.ch\/it\/wp-json\/wp\/v2\/tags?post=38212"},{"taxonomy":"post_folder","embeddable":true,"href":"https:\/\/vsa-aas.ch\/it\/wp-json\/wp\/v2\/post_folder?post=38212"}],"curies":[{"name":"wp","href":"https:\/\/api.w.org\/{rel}","templated":true}]}}