{"id":57615,"date":"2025-01-17T09:01:43","date_gmt":"2025-01-17T08:01:43","guid":{"rendered":"https:\/\/vsa-aas.ch\/non-categorizzato\/werde-teil-des-bildungsausschusses\/"},"modified":"2025-01-17T09:16:19","modified_gmt":"2025-01-17T08:16:19","slug":"werde-teil-des-bildungsausschusses","status":"publish","type":"post","link":"https:\/\/vsa-aas.ch\/it\/associazione\/werde-teil-des-bildungsausschusses\/","title":{"rendered":"Werde Teil des Bildungsausschusses"},"content":{"rendered":"\n<p>Du bist engagiert und m\u00f6chtest aktiv die Zukunft der Aus- und Weiterbildung in den Bereichen Archiv und Information &amp; Dokumentation mitgestalten?<\/p>\n\n\n\n<p>Der Bildungsausschuss des Vereins Schweizerischer Archivar:innen sucht neue Mitglieder, die Lust haben, Aufgaben im Bereich Bildung zu \u00fcbernehmen und sich aktiv im Netzwerk der Archivare und Archivarinnen zu bewegen. Der Bildungsausschuss zeichnet sich f\u00fcr den j\u00e4hrlich zwei Mal stattfindenden Grundkurs f\u00fcr Berufseinsteiger:innen verantwortlich, organisiert zusammen mit Institutionen aus der Archivwelt alle zwei Jahre den Weiterbildungszyklus \u00abArchivpraxis Schweiz\u00bb und unterst\u00fctzt die j\u00e4hrlich stattfindende Fachtagung des VSA.<\/p>\n\n\n\n<p>Neben dem verbandsinternen Aus- und Weiterbildungsangebot engagiert sich der Bildungsausschuss aktiv &nbsp;in der beruflichen Grundbildung Fachfrau\/Fachmann Information &amp; Dokumentation und vertritt den Verein Schweizerischer Archivar:innen in den betreffenden Gremien (Ausbildungsdelegation I+D und Kommission B+Q).<\/p>\n\n\n\n<p>Neben den drei bis vier Mal j\u00e4hrlich stattfinden Sitzungen (via Teams und vor Ort in Bern) bringen sich die Mitglieder des Bildungsausschusses in den internen AGs Zyklus \u00abArchivpraxis Schweiz\u00bb und \u00abFachtagung VSA\u00bb sowie in die Ausbildungsgremien ein.<\/p>\n\n\n\n<p>Bist du in einem Archiv t\u00e4tig und\/oder begleitest du Berufseinsteiger:innen in ihrer Ausbildung, dann melde dich doch bei den beiden Co-Pr\u00e4sidentinnen Tanja Aenis oder Silvia B\u00fchler.<\/p>\n\n\n\n<div class=\"wp-block-columns is-layout-flex wp-container-core-columns-is-layout-9d6595d7 wp-block-columns-is-layout-flex\">\n<div class=\"wp-block-column is-layout-flow wp-block-column-is-layout-flow\" style=\"flex-basis:100%\">\n<p>Co-Pr\u00e4sidentinnen VSA Bildungsausschuss<\/p>\n\n\n\n<div class=\"wp-block-columns is-layout-flex wp-container-core-columns-is-layout-9d6595d7 wp-block-columns-is-layout-flex\">\n<div class=\"wp-block-column is-layout-flow wp-block-column-is-layout-flow\">\n<p>Tanja Aenis<br><a href=\"mailto:tanja.aenis@nestle.com\" target=\"_blank\" rel=\"noreferrer noopener\">tanja.aenis@nestle.com<\/a> <\/p>\n\n\n\n<p><\/p>\n<\/div>\n\n\n\n<div class=\"wp-block-column is-layout-flow wp-block-column-is-layout-flow\">\n<p>Silvia B\u00fchler<br><a href=\"mailto:silvia.buehler@be.ch\" target=\"_blank\" rel=\"noreferrer noopener\">silvia.buehler@be.ch<\/a><br><\/p>\n<\/div>\n<\/div>\n\n\n\n<p><br>\u00a0\u00a0\u00a0\u00a0\u00a0\u00a0\u00a0\u00a0\u00a0\u00a0\u00a0\u00a0\u00a0\u00a0\u00a0\u00a0\u00a0\u00a0\u00a0\u00a0\u00a0\u00a0\u00a0\u00a0\u00a0\u00a0\u00a0\u00a0\u00a0\u00a0\u00a0\u00a0\u00a0\u00a0\u00a0\u00a0\u00a0\u00a0\u00a0\u00a0\u00a0\u00a0\u00a0\u00a0\u00a0\u00a0\u00a0\u00a0\u00a0\u00a0\u00a0\u00a0\u00a0\u00a0\u00a0\u00a0\u00a0\u00a0\u00a0\u00a0\u00a0\u00a0\u00a0\u00a0 <br>                                                <\/p>\n\n\n\n<div class=\"wp-block-columns is-layout-flex wp-container-core-columns-is-layout-9d6595d7 wp-block-columns-is-layout-flex\">\n<div class=\"wp-block-column is-layout-flow wp-block-column-is-layout-flow\">\n<div class=\"wp-block-columns is-layout-flex wp-container-core-columns-is-layout-9d6595d7 wp-block-columns-is-layout-flex\">\n<div class=\"wp-block-column is-layout-flow wp-block-column-is-layout-flow\">\n<div class=\"wp-block-columns is-layout-flex wp-container-core-columns-is-layout-9d6595d7 wp-block-columns-is-layout-flex\">\n<div class=\"wp-block-column is-layout-flow wp-block-column-is-layout-flow\"><\/div>\n\n\n\n<div class=\"wp-block-column is-layout-flow wp-block-column-is-layout-flow\"><\/div>\n<\/div>\n<\/div>\n\n\n\n<div class=\"wp-block-column is-layout-flow wp-block-column-is-layout-flow\"><\/div>\n<\/div>\n<\/div>\n\n\n\n<div class=\"wp-block-column is-layout-flow wp-block-column-is-layout-flow\"><\/div>\n<\/div>\n<\/div>\n<\/div>\n","protected":false},"excerpt":{"rendered":"<p>Du bist engagiert und m\u00f6chtest aktiv die Zukunft der Aus- und Weiterbildung in den Bereichen Archiv und Information &amp; Dokumentation mitgestalten? Der Bildungsausschuss des Vereins Schweizerischer Archivar:innen sucht neue Mitglieder,&hellip;&nbsp;<a href=\"https:\/\/vsa-aas.ch\/it\/associazione\/werde-teil-des-bildungsausschusses\/\" rel=\"bookmark\">Read More &raquo;<span class=\"screen-reader-text\">Werde Teil des Bildungsausschusses<\/span><\/a><\/p>\n","protected":false},"author":9,"featured_media":26558,"comment_status":"closed","ping_status":"closed","sticky":false,"template":"","format":"standard","meta":{"neve_meta_sidebar":"","neve_meta_container":"","neve_meta_enable_content_width":"","neve_meta_content_width":0,"neve_meta_title_alignment":"","neve_meta_author_avatar":"","neve_post_elements_order":"","neve_meta_disable_header":"","neve_meta_disable_footer":"","neve_meta_disable_title":"","neve_meta_reading_time":"","_price":"","_stock":"","_tribe_ticket_header":"","_tribe_default_ticket_provider":"","_tribe_ticket_capacity":"0","_ticket_start_date":"","_ticket_end_date":"","_tribe_ticket_show_description":"","_tribe_ticket_show_not_going":false,"_tribe_ticket_use_global_stock":"","_tribe_ticket_global_stock_level":"","_global_stock_mode":"","_global_stock_cap":"","_tribe_rsvp_for_event":"","_tribe_ticket_going_count":"","_tribe_ticket_not_going_count":"","_tribe_tickets_list":"[]","_tribe_ticket_has_attendee_info_fields":false,"footnotes":"","_tec_slr_enabled":"","_tec_slr_layout":""},"categories":[280],"tags":[],"post_folder":[],"class_list":["post-57615","post","type-post","status-publish","format-standard","has-post-thumbnail","hentry","category-associazione"],"ticketed":false,"_links":{"self":[{"href":"https:\/\/vsa-aas.ch\/it\/wp-json\/wp\/v2\/posts\/57615","targetHints":{"allow":["GET"]}}],"collection":[{"href":"https:\/\/vsa-aas.ch\/it\/wp-json\/wp\/v2\/posts"}],"about":[{"href":"https:\/\/vsa-aas.ch\/it\/wp-json\/wp\/v2\/types\/post"}],"author":[{"embeddable":true,"href":"https:\/\/vsa-aas.ch\/it\/wp-json\/wp\/v2\/users\/9"}],"replies":[{"embeddable":true,"href":"https:\/\/vsa-aas.ch\/it\/wp-json\/wp\/v2\/comments?post=57615"}],"version-history":[{"count":1,"href":"https:\/\/vsa-aas.ch\/it\/wp-json\/wp\/v2\/posts\/57615\/revisions"}],"predecessor-version":[{"id":57616,"href":"https:\/\/vsa-aas.ch\/it\/wp-json\/wp\/v2\/posts\/57615\/revisions\/57616"}],"wp:featuredmedia":[{"embeddable":true,"href":"https:\/\/vsa-aas.ch\/it\/wp-json\/wp\/v2\/media\/26558"}],"wp:attachment":[{"href":"https:\/\/vsa-aas.ch\/it\/wp-json\/wp\/v2\/media?parent=57615"}],"wp:term":[{"taxonomy":"category","embeddable":true,"href":"https:\/\/vsa-aas.ch\/it\/wp-json\/wp\/v2\/categories?post=57615"},{"taxonomy":"post_tag","embeddable":true,"href":"https:\/\/vsa-aas.ch\/it\/wp-json\/wp\/v2\/tags?post=57615"},{"taxonomy":"post_folder","embeddable":true,"href":"https:\/\/vsa-aas.ch\/it\/wp-json\/wp\/v2\/post_folder?post=57615"}],"curies":[{"name":"wp","href":"https:\/\/api.w.org\/{rel}","templated":true}]}}